{"id":330,"date":"2013-05-31T08:51:13","date_gmt":"2013-05-31T08:51:13","guid":{"rendered":"http:\/\/www.kaktus-muenster.de\/?p=330"},"modified":"2013-05-31T08:51:13","modified_gmt":"2013-05-31T08:51:13","slug":"grune-jugend-munster-reagiert-mit-unverstandnis-auf-vorwurfe-der-jungen-union","status":"publish","type":"post","link":"https:\/\/kaktus-muenster.de\/?p=330","title":{"rendered":"Gr\u00fcne Jugend M\u00fcnster reagiert mit Unverst\u00e4ndnis auf Vorw\u00fcrfe der Jungen Union"},"content":{"rendered":"<p>Die Gr\u00fcne Jugend M\u00fcnster hat verst\u00e4ndnislos auf die j\u00fcngst von der Jungen Union ge\u00e4u\u00dferte Kritik an der Kampagne &#8222;Ich bin linksextrem!&#8220; reagiert. Die Kampagne wurde vom Bundesverband der Gr\u00fcnen Jugend und der Jugendorganisation der Linkspartei [&#8217;solid] durchgef\u00fchrt und wendet sich gegen die Gleichsetzung von Links- und Rechtsextremismus und gegen den in der Politik dominierenden Extremismusbegriff. Letztlich gebe es nur Kriminelle und politisch Engagierte, da brauche es keinen Extremismusbegriff mehr, so hie\u00df es von der Basis.<\/p>\n<p>Der Kaktus, wie die Gr\u00fcne Jugend M\u00fcnster sich auch nennt, weist in Anbetracht der Forderung der Jungen Union nach einer Distanzierung von der Kampagne auf ihr Programm hin: &#8222;Wir stehen f\u00fcr gleichen Lohn f\u00fcr gleiche Arbeit, ganz besonders f\u00fcr einen Mindestlohn. Wir engagieren uns antifaschistisch gegen rechten Terror und Gewalt sowie gegen die Ausgrenzung und Diskriminierung von Homo-,Inter- und Transsexuellen. Fremdenfeindlichkeit wollen wir im Keim ersticken und jegliche Diskriminierung von Migrant*innen ist uns zuwider. In diesem Kampf f\u00fcr unsere Inhalte setzen wir durchgehend auf das Konzept der Gewaltfreiheit, das uns seit unserer Gr\u00fcndung sehr am Herzen liegt&#8220;, so Sprecherin Mareike Hoppenheit, &#8222;Wenn die Junge Union ernsthaft meint, wir seien damit linksextrem, dann ist das eben so.&#8220;<\/p>\n<p>Sprecherin Laura Thoben f\u00fcgte hinzu: &#8222;Wir setzen uns f\u00fcr die Rechte der Frauen ein und haben im Bundestag in der vergangenen Zeit f\u00fcr eine verbindliche und baldige Frauenquote gek\u00e4mpft. Diesen Kampf f\u00fcr mehr Emanzipation und Gleichberechtigung haben wir gegen die schwarz-gelbe Koalition verloren. Wenn wir jetzt von der JU als Linksextreme verd\u00e4chtigt werden, haben wir da kein Problem mit. Es verr\u00e4t eher einiges \u00fcber das Diskursverst\u00e4ndnis der Jungen Union, die durch simple Schlagw\u00f6rter andere Meinungen zu diskreditieren versucht, damit sie sich nicht mit deren Inhalten auseinandersetzen muss.&#8220; Der Vorwurf des &#8222;Linksextremismus&#8220; sei eine politische Worth\u00fclse, die sich Politiker gerne in Sonntagsreden an den Kopf w\u00fcrfen. Der Kaktus jedenfalls habe nichts zu verbergen und lade alle Zweifler dazu ein, sich vor Ort ein Bild \u00fcber die Verfassungstreue der Gr\u00fcnen Jugend zu machen.<\/p>\n<p>Die Gr\u00fcne Jugend M\u00fcnster trifft sich jeden Donnerstag um 19 Uhr in der Windthorststra\u00dfe 7 in unmittelbarer N\u00e4he des Hauptbahnhofes in M\u00fcnster.<\/p>\n","protected":false},"excerpt":{"rendered":"<p>Die Gr\u00fcne Jugend M\u00fcnster hat verst\u00e4ndnislos auf die j\u00fcngst von der Jungen Union ge\u00e4u\u00dferte Kritik an der Kampagne &#8222;Ich bin linksextrem!&#8220; reagiert. Die Kampagne wurde vom Bundesverband der Gr\u00fcnen Jugend und der Jugendorganisation der Linkspartei [&#8217;solid] durchgef\u00fchrt und wendet sich gegen die Gleichsetzung von Links- und Rechtsextremismus und gegen den in der Politik dominierenden Extremismusbegriff. [&hellip;]<\/p>\n","protected":false},"author":1,"featured_media":0,"comment_status":"open","ping_status":"open","sticky":false,"template":"","format":"standard","meta":{"footnotes":""},"categories":[5],"tags":[],"class_list":["post-330","post","type-post","status-publish","format-standard","hentry","category-pressemitteilungen"],"_links":{"self":[{"href":"https:\/\/kaktus-muenster.de\/index.php?rest_route=\/wp\/v2\/posts\/330","targetHints":{"allow":["GET"]}}],"collection":[{"href":"https:\/\/kaktus-muenster.de\/index.php?rest_route=\/wp\/v2\/posts"}],"about":[{"href":"https:\/\/kaktus-muenster.de\/index.php?rest_route=\/wp\/v2\/types\/post"}],"author":[{"embeddable":true,"href":"https:\/\/kaktus-muenster.de\/index.php?rest_route=\/wp\/v2\/users\/1"}],"replies":[{"embeddable":true,"href":"https:\/\/kaktus-muenster.de\/index.php?rest_route=%2Fwp%2Fv2%2Fcomments&post=330"}],"version-history":[{"count":0,"href":"https:\/\/kaktus-muenster.de\/index.php?rest_route=\/wp\/v2\/posts\/330\/revisions"}],"wp:attachment":[{"href":"https:\/\/kaktus-muenster.de\/index.php?rest_route=%2Fwp%2Fv2%2Fmedia&parent=330"}],"wp:term":[{"taxonomy":"category","embeddable":true,"href":"https:\/\/kaktus-muenster.de\/index.php?rest_route=%2Fwp%2Fv2%2Fcategories&post=330"},{"taxonomy":"post_tag","embeddable":true,"href":"https:\/\/kaktus-muenster.de\/index.php?rest_route=%2Fwp%2Fv2%2Ftags&post=330"}],"curies":[{"name":"wp","href":"https:\/\/api.w.org\/{rel}","templated":true}]}}