{"id":1215,"date":"2017-10-31T10:46:36","date_gmt":"2017-10-31T10:46:36","guid":{"rendered":"http:\/\/www.kaktus-muenster.de\/?p=1215"},"modified":"2017-10-31T10:46:36","modified_gmt":"2017-10-31T10:46:36","slug":"zab-schieb-ab-fuer-ein-menschenwuerdiges-asylrecht","status":"publish","type":"post","link":"https:\/\/kaktus-muenster.de\/?p=1215","title":{"rendered":"ZAB &#8211; schieb ab: F\u00fcr ein menschenw\u00fcrdiges Asylrecht"},"content":{"rendered":"<p>Zur Etablierung einer Zentralen Ausl\u00e4nderbeh\u00f6rde in M\u00fcnster haben wir folgende Pressemitteilung ver\u00f6ffentlicht:<\/p>\n<p>Wir lehnen Zentrale Ausl\u00e4nderbeh\u00f6rden als Instrument der verst\u00e4rkten Abschiebepraxis ohne ausreichende Ber\u00fccksichtigung der Einzelf\u00e4lle ab. In der ZAB werden problematische Entscheidungen so schnell umgesetzt, dass die Rechtsstaatlichkeit ausgehebelt wird. Mit einer ZAB in M\u00fcnster w\u00e4re der vorbildliche Umgang mit Gefl\u00fcchteten vor Ort gef\u00e4hrdet.<\/p>\n<p>Das Druckmittel der Landesregierung, die Erstaufnahmeeinrichtungen (EAE) in den Kasernen fr\u00fcher zuschlie\u00dfen, ist nichts als hei\u00dfe Luft. Es gab bereits eine Vorlage zur Schlie\u00dfung der EAE im Dezember 2018. Die Einrichtungen werden \u00fcber kurz oder lang in jedem Fall schlie\u00dfen, da der Bedarf nicht gro\u00df genug ist. Der Wohnungsbau auf dem Gel\u00e4nde wird von dieser Entscheidung nicht beeinflusst. Schlie\u00dflich geht es bei den Einrichtungen nur um zwei Hektar der insgesamt 75 Hektar gro\u00dfen Fl\u00e4che.<\/p>\n<p>\u201eDie geplante Vereinbarung mit der Landesregierung ist ein fadenscheiniger Deal und bringt M\u00fcnster keine Vorteile\u201c, sagt Kaktus-Sprecher Albert Wenzel. \u201eZudem ist die Verkn\u00fcpfung der ZAB mit dem Wohnungsbau abwegig.\u201c<\/p>\n<p>\u201eM\u00fcnster sollte der Einrichtung dieser Beh\u00f6rde als Teil des unmenschlichen Abschiebesystems entschieden entgegentreten\u201c, f\u00fcgt Lara Pickener hinzu.<\/p>\n","protected":false},"excerpt":{"rendered":"<p>Zur Etablierung einer Zentralen Ausl\u00e4nderbeh\u00f6rde in M\u00fcnster haben wir folgende Pressemitteilung ver\u00f6ffentlicht: Wir lehnen Zentrale Ausl\u00e4nderbeh\u00f6rden als Instrument der verst\u00e4rkten Abschiebepraxis ohne ausreichende Ber\u00fccksichtigung der Einzelf\u00e4lle ab. In der ZAB werden problematische Entscheidungen so schnell umgesetzt, dass die Rechtsstaatlichkeit ausgehebelt wird. Mit einer ZAB in M\u00fcnster w\u00e4re der vorbildliche Umgang mit Gefl\u00fcchteten vor Ort gef\u00e4hrdet. [&hellip;]<\/p>\n","protected":false},"author":1,"featured_media":0,"comment_status":"open","ping_status":"open","sticky":false,"template":"","format":"standard","meta":{"footnotes":""},"categories":[2,5],"tags":[],"class_list":["post-1215","post","type-post","status-publish","format-standard","hentry","category-allgemein","category-pressemitteilungen"],"_links":{"self":[{"href":"https:\/\/kaktus-muenster.de\/index.php?rest_route=\/wp\/v2\/posts\/1215","targetHints":{"allow":["GET"]}}],"collection":[{"href":"https:\/\/kaktus-muenster.de\/index.php?rest_route=\/wp\/v2\/posts"}],"about":[{"href":"https:\/\/kaktus-muenster.de\/index.php?rest_route=\/wp\/v2\/types\/post"}],"author":[{"embeddable":true,"href":"https:\/\/kaktus-muenster.de\/index.php?rest_route=\/wp\/v2\/users\/1"}],"replies":[{"embeddable":true,"href":"https:\/\/kaktus-muenster.de\/index.php?rest_route=%2Fwp%2Fv2%2Fcomments&post=1215"}],"version-history":[{"count":0,"href":"https:\/\/kaktus-muenster.de\/index.php?rest_route=\/wp\/v2\/posts\/1215\/revisions"}],"wp:attachment":[{"href":"https:\/\/kaktus-muenster.de\/index.php?rest_route=%2Fwp%2Fv2%2Fmedia&parent=1215"}],"wp:term":[{"taxonomy":"category","embeddable":true,"href":"https:\/\/kaktus-muenster.de\/index.php?rest_route=%2Fwp%2Fv2%2Fcategories&post=1215"},{"taxonomy":"post_tag","embeddable":true,"href":"https:\/\/kaktus-muenster.de\/index.php?rest_route=%2Fwp%2Fv2%2Ftags&post=1215"}],"curies":[{"name":"wp","href":"https:\/\/api.w.org\/{rel}","templated":true}]}}